[{"@context":"https:\/\/schema.org\/","@type":"Article","@id":"https:\/\/www.elsve.cz\/byt-anebo-dum\/#Article","mainEntityOfPage":"https:\/\/www.elsve.cz\/byt-anebo-dum\/","headline":"Byt anebo d\u016fm","name":"Byt anebo d\u016fm","description":"J\u00e1 si vzpom\u00edn\u00e1m, jak jsem s rodi\u010di st\u00e1le mluvila o tom, \u017ee bych cht\u011bla bydlet ve velk\u00e9m dom\u011b anebo alespo\u0148&hellip;","datePublished":"2023-12-31","dateModified":"2023-12-31","author":{"@type":"Person","@id":"https:\/\/www.elsve.cz\/author\/#Person","name":"","url":"https:\/\/www.elsve.cz\/author\/","identifier":1,"image":{"@type":"ImageObject","@id":"https:\/\/secure.gravatar.com\/avatar\/0379e0c919e89f337c2f51ff1404922f8441b43281fb91f3719df99f70b9888f?s=96&d=mm&r=g","url":"https:\/\/secure.gravatar.com\/avatar\/0379e0c919e89f337c2f51ff1404922f8441b43281fb91f3719df99f70b9888f?s=96&d=mm&r=g","height":96,"width":96}},"publisher":{"@type":"Organization","name":"elsve.cz","logo":{"@type":"ImageObject","@id":"\/logo.png","url":"\/logo.png","width":600,"height":60}},"image":{"@type":"ImageObject","@id":"https:\/\/www.elsve.cz\/wp-content\/uploads\/castle-5511046_960_720_1.jpg","url":"https:\/\/www.elsve.cz\/wp-content\/uploads\/castle-5511046_960_720_1.jpg","height":0,"width":0},"url":"https:\/\/www.elsve.cz\/byt-anebo-dum\/","about":["D\u016fm a zahrada"],"wordCount":423,"articleBody":"J\u00e1 si vzpom\u00edn\u00e1m, jak jsem s rodi\u010di st\u00e1le mluvila o tom, \u017ee bych cht\u011bla bydlet ve velk\u00e9m dom\u011b anebo alespo\u0148 ve velk\u00e9m byt\u011b. My jsme toti\u017e s rodinou cel\u00fd \u017eivot bydleli opravdu v mal\u00e9m n\u00e1jemn\u00edm byt\u011b. Mo\u017en\u00e1 to byla sp\u00ed\u0161e takov\u00e1 mal\u00e1 garsonka, ale j\u00e1 jsem si p\u0159\u00e1la bydlet v dom\u011b. Cht\u011bla jsem m\u00edt velik\u00fd d\u016fm se zahradou, jenom\u017ee moji rodi\u010de chud\u00e1ci v\u016fbec na to nem\u011bli pen\u00edze. Dokonce si \u0159ekli, \u017ee kdyby si \u017e\u00e1dali o hypot\u00e9ku, co\u017e tak\u00e9 u\u017e n\u011bkolikr\u00e1t zkou\u0161eli, tak bohu\u017eel nikdy neusp\u011bli. Ani nev\u00edte, jak moc m\u011b to mrzelo a jak moc jsem z toho byla zklaman\u00e1. Bylo mi l\u00edto toho, \u017ee rodi\u010de byli zklaman\u00ed z toho, \u017ee nemohou sv\u00fdm d\u011btem splnit p\u0159\u00e1n\u00ed, a to takov\u00e9, \u017ee budou bydlet ve velk\u00e9m dom\u011b se zahradou anebo alespo\u0148 budeme m\u00edt n\u011bjak\u00fd byt v bytovce nebo panel\u00e1ku. U \u010deho bude tak\u00e9 zahrada.\u00a0My jsme toti\u017e m\u011bli takov\u00fd star\u0161\u00ed panelov\u00fd d\u016fm anebo bytovku nebo n\u011bco podobn\u00e9ho, kde v\u016fbec pr\u00e1v\u011b nebyla \u017e\u00e1dn\u00e1\u00a0zahrada. A to jste vlastn\u011b vy\u0161li hned ven na ve\u0159ejn\u00fd pozemek, tak\u017ee i kdyby t\u0159eba n\u011bkdo p\u0159ed bytovkou byl dva metry, tak s t\u00edm nic neud\u011bl\u00e1te, proto\u017ee to byl jednozna\u010dn\u011b m\u011bstsk\u00fd majetek.V\u016fbec to nepat\u0159ilo k t\u00e9 bytovce anebo k tomu panel\u00e1ku. Pak jsem si \u0159ekla, \u017ee kdybych si n\u00e1hodou n\u011bkdy v budoucnu na\u0161la partnera, \u017ee bych si moc p\u0159\u00e1la, abychom m\u011bli n\u011bjak\u00fd v\u011bt\u0161\u00ed byt anebo velik\u00fd d\u016fm se zahradou, mysl\u00edm si, \u017ee opravdu asi ka\u017ed\u00fd \u010dlov\u011bk by snil o tom, aby m\u011bl velik\u00fd d\u016fm se zahradou. Jinak si\u00a0to opravdu nedok\u00e1\u017ei p\u0159edstavit. Samoz\u0159ejm\u011b, \u017ee n\u011bkdy je opravdu v\u00fdhodn\u011bj\u0161\u00ed, kdy\u017e t\u0159eba bydl\u00edte v n\u00e1jmu, a to je hlavn\u011b pro ty lidi, kte\u0159\u00ed t\u0159eba pracuj\u00ed. Opravdu hodn\u011b hodin anebo tak\u00e9 st\u00e1le n\u011bkam cestuj\u00ed, tak by\u00a0se jim asi nevyplatil n\u011bjak\u00fd velik\u00fd d\u016fm a velik\u00e1 zahrada. V\u017edy\u0165 kdo by se o velik\u00fd d\u016fm anebo o velikou zahradu staral, museli by si\u00a0najmout n\u011bjak\u00e9 ukl\u00edze\u010de nebo zahradn\u00edky. Ale mysl\u00edm si, \u017ee tohle by se jim zase finan\u010dn\u011b v\u016fbec nevyplatilo.\u00a0                                                                                                                                                                                                                                                                                                                                                                                        5\/5 - (4 votes)        "},{"@context":"https:\/\/schema.org\/","@type":"BreadcrumbList","itemListElement":[{"@type":"ListItem","position":1,"name":"Byt anebo d\u016fm","item":"https:\/\/www.elsve.cz\/byt-anebo-dum\/#breadcrumbitem"}]}]