[{"@context":"https:\/\/schema.org\/","@type":"Article","@id":"https:\/\/www.elsve.cz\/chyby-za-volantem-mohou-byt-nekdy-osudne\/#Article","mainEntityOfPage":"https:\/\/www.elsve.cz\/chyby-za-volantem-mohou-byt-nekdy-osudne\/","headline":"Chyby za volantem mohou b\u00fdt n\u011bkdy osudn\u00e9","name":"Chyby za volantem mohou b\u00fdt n\u011bkdy osudn\u00e9","description":"Na \u010desk\u00e9 silnice vyj\u00ed\u017ed\u00ed dnes a denn\u011b doslova sm\u011bsice \u0159idi\u010d\u016f. Jsou mezi nimi zku\u0161en\u00ed matado\u0159i, nebo naopak nov\u00e1\u010dci, a v\u00a0\u0161irok\u00e9m&hellip;","datePublished":"2025-03-07","dateModified":"2025-03-07","author":{"@type":"Person","@id":"https:\/\/www.elsve.cz\/author\/#Person","name":"","url":"https:\/\/www.elsve.cz\/author\/","identifier":1,"image":{"@type":"ImageObject","@id":"https:\/\/secure.gravatar.com\/avatar\/0379e0c919e89f337c2f51ff1404922f8441b43281fb91f3719df99f70b9888f?s=96&d=mm&r=g","url":"https:\/\/secure.gravatar.com\/avatar\/0379e0c919e89f337c2f51ff1404922f8441b43281fb91f3719df99f70b9888f?s=96&d=mm&r=g","height":96,"width":96}},"publisher":{"@type":"Organization","name":"elsve.cz","logo":{"@type":"ImageObject","@id":"\/logo.png","url":"\/logo.png","width":600,"height":60}},"image":{"@type":"ImageObject","@id":"https:\/\/www.elsve.cz\/wp-content\/uploads\/img_a328430_w2616_t1540719384.jpg","url":"https:\/\/www.elsve.cz\/wp-content\/uploads\/img_a328430_w2616_t1540719384.jpg","height":0,"width":0},"url":"https:\/\/www.elsve.cz\/chyby-za-volantem-mohou-byt-nekdy-osudne\/","wordCount":425,"articleBody":"Na \u010desk\u00e9 silnice vyj\u00ed\u017ed\u00ed dnes a denn\u011b doslova sm\u011bsice \u0159idi\u010d\u016f. Jsou mezi nimi zku\u0161en\u00ed matado\u0159i, nebo naopak nov\u00e1\u010dci, a v\u00a0\u0161irok\u00e9m spektru v\u0161ech t\u011bchto \u00fa\u010dastn\u00edk\u016f silni\u010dn\u00edho provozu jsou lid\u00e9 jak ohledupln\u00ed, tak i bezohledn\u00ed. \u0158\u00edk\u00e1 se, \u017ee pr\u00e1v\u011b ohleduplnost a schopnost p\u0159edv\u00eddat situaci je znakem dobr\u00e9ho \u0159idi\u010de. S\u00e1hn\u011bme si nyn\u00ed do sv\u011bdom\u00ed a pod\u00edvejme se na sv\u00e9 \u0159idi\u010dsk\u00e9 dovednosti do vlastn\u00edho pomysln\u00e9ho zrcadla.\tRiskantn\u00ed p\u0159edj\u00ed\u017ed\u011bn\u00edStrach a nervozita za volant nepat\u0159\u00ed, ale to je pouh\u00e1 teorie. Existuj\u00ed toti\u017e ur\u010dit\u00e9 situace, kdy jsou \u0159idi\u010di nesv\u00ed, a jednou z\u00a0nich je p\u0159edj\u00ed\u017ed\u011bn\u00ed. P\u0159edj\u00ed\u017ed\u011bt opravdu bezpe\u010dn\u011b a na p\u0159ehledn\u00e9m \u00faseku podle statistik zvl\u00e1d\u00e1 pouh\u00fdch 20 procent \u0159idi\u010d\u016f, ostatn\u00ed zbyte\u010dn\u011b riskuj\u00ed a nechaj\u00ed se vt\u00e1hnout do situace, kdy je pohyb za pomalu jedouc\u00edm vozidlem doh\u00e1n\u00ed k\u00a0\u0161\u00edlenstv\u00ed.\tZp\u011btn\u00e9 zrc\u00e1tkoPom\u011brn\u011b \u010dast\u00e1 chyba p\u0159i p\u0159edj\u00ed\u017ed\u011bn\u00ed vozidla nebo p\u0159ek\u00e1\u017eky je, \u017ee zapom\u00edn\u00e1me na pohled do zp\u011btn\u00e9ho zrc\u00e1tka. B\u00fdv\u00e1 to osudn\u00e9 ve chv\u00edli, kdy se pr\u00e1v\u011b ve stejn\u00e9m okam\u017eiku chyst\u00e1 v\u00e1\u0161 v\u016fz n\u011bkdo p\u0159edjet, zat\u00edmco jste dosud nedali znamen\u00ed o zm\u011bn\u011b sm\u011bru j\u00edzdy.\tP\u0159em\u00fd\u0161len\u00ed nad \u0159\u00edzen\u00edmKa\u017ed\u00fd za\u010d\u00e1te\u010dn\u00edk proch\u00e1z\u00ed za volantem f\u00e1z\u00ed, kdy mus\u00ed z\u00e1rove\u0148 sledovat provoz a sou\u010dasn\u011b s\u00a0t\u00edm ovl\u00e1dat bezpe\u010dn\u011b v\u016fz. Nen\u00ed to snadn\u00e9 a teprve po ur\u010dit\u00e9 dob\u011b p\u0159ejde \u0159\u00edzen\u00ed do jak\u00e9si zautomatizovan\u00e9 \u010dinnosti. Za\u010d\u00e1te\u010dn\u00edci \u010dasto sleduj\u00ed pohyb \u0159adic\u00ed p\u00e1ky, n\u011bkte\u0159\u00ed si dokonce pletou jednotliv\u00e9 stupn\u011b \u0159azen\u00ed, jin\u00ed p\u0159i parkov\u00e1n\u00ed nam\u00edsto zp\u00e1te\u010dky za\u0159ad\u00ed jedni\u010dku, nebo si popletou no\u017en\u00ed ped\u00e1ly. Ka\u017ed\u00fd v\u016fz \u0159\u00edzen\u00fd za\u010d\u00e1te\u010dn\u00edkem by m\u011bl b\u00fdt ozna\u010den pat\u0159i\u010dn\u00fdm symbolem p\u00edsmene Z.\tHlava a ruceOb\u010das se st\u00e1v\u00e1, \u017ee sou\u010dasn\u011b s\u00a0ot\u00e1\u010den\u00edm hlavy se ot\u00e1\u010d\u00ed i \u010d\u00e1st trupu a ruce. Pokud jsou v\u00a0tu chv\u00edli na volantu nebo \u0159\u00edd\u00edtk\u00e1ch motocyklu, \u010di kola, m\u016f\u017ee doj\u00edt k\u00a0trag\u00e9dii. St\u00e1v\u00e1 se to p\u0159i sledov\u00e1n\u00ed okoln\u00ed krajiny, odbo\u010dov\u00e1n\u00ed, p\u0159i couv\u00e1n\u00ed, kdy \u0159idi\u010d ve\u0161kerou pozornost zam\u011b\u0159\u00ed na n\u011bco vn\u011b sv\u00e9ho vozu.                                                                                                                                                                                                                                                                                                                                                                                                "},{"@context":"https:\/\/schema.org\/","@type":"BreadcrumbList","itemListElement":[{"@type":"ListItem","position":1,"name":"Chyby za volantem mohou b\u00fdt n\u011bkdy osudn\u00e9","item":"https:\/\/www.elsve.cz\/chyby-za-volantem-mohou-byt-nekdy-osudne\/#breadcrumbitem"}]}]