[{"@context":"https:\/\/schema.org\/","@type":"Article","@id":"https:\/\/www.elsve.cz\/co-nas-ceka-a-zrejme-nemine\/#Article","mainEntityOfPage":"https:\/\/www.elsve.cz\/co-nas-ceka-a-zrejme-nemine\/","headline":"Co n\u00e1s \u010dek\u00e1 a z\u0159ejm\u011b nemine","name":"Co n\u00e1s \u010dek\u00e1 a z\u0159ejm\u011b nemine","description":"Co je dobr\u00e1 zpr\u00e1va, \u017ee ekonomika m\u011bla slu\u0161n\u00fd r\u016fst, a ten by se v n\u00e1sleduj\u00edc\u00edch letech zastavit nem\u011bl, i kdy\u017e&hellip;","datePublished":"2019-06-12","dateModified":"2023-05-07","author":{"@type":"Person","@id":"https:\/\/www.elsve.cz\/author\/#Person","name":"","url":"https:\/\/www.elsve.cz\/author\/","identifier":1,"image":{"@type":"ImageObject","@id":"https:\/\/secure.gravatar.com\/avatar\/0379e0c919e89f337c2f51ff1404922f8441b43281fb91f3719df99f70b9888f?s=96&d=mm&r=g","url":"https:\/\/secure.gravatar.com\/avatar\/0379e0c919e89f337c2f51ff1404922f8441b43281fb91f3719df99f70b9888f?s=96&d=mm&r=g","height":96,"width":96}},"publisher":{"@type":"Organization","name":"elsve.cz","logo":{"@type":"ImageObject","@id":"\/logo.png","url":"\/logo.png","width":600,"height":60}},"image":{"@type":"ImageObject","@id":"https:\/\/www.elsve.cz\/wp-content\/uploads\/img_a347978_w2902_t1562491486.jpg","url":"https:\/\/www.elsve.cz\/wp-content\/uploads\/img_a347978_w2902_t1562491486.jpg","height":0,"width":0},"url":"https:\/\/www.elsve.cz\/co-nas-ceka-a-zrejme-nemine\/","about":["Ekonomika"],"wordCount":467,"articleBody":"Co je dobr\u00e1 zpr\u00e1va, \u017ee ekonomika m\u011bla slu\u0161n\u00fd r\u016fst, a ten by se v n\u00e1sleduj\u00edc\u00edch letech zastavit nem\u011bl, i kdy\u017e bude pozvoln\u011bj\u0161\u00ed. Co to ale znamen\u00e1 v praxi a pro b\u011b\u017en\u00e9ho ob\u010dana a pracuj\u00edc\u00edho \u010dlov\u011bka?&#13; &#13; &#13; &#13; V prvn\u00ed \u0159ad\u011b jde o to, dostat co nejv\u011bt\u0161\u00ed po\u010det t\u011bch, kte\u0159\u00ed jsou pracovn\u011b aktivn\u00ed a \u010dinn\u00ed z vesnic do velk\u00fdch m\u011bst, p\u0159edpokl\u00e1d\u00e1 se, \u017ee by tak na\u0161e hlavn\u00ed m\u011bsto, a to p\u0159edev\u0161\u00edm, obs\u00e1hlo jednu \u010dtvrtinu cel\u00e9 \u010desk\u00e9 ekonomiky, co\u017e je opravdu \u00factyhodn\u00fd pod\u00edl. &#13; &#13; To, \u017ee jsme na tom ekonomicky dob\u0159e, neznamen\u00e1, \u017ee tomu tak bude nav\u017edy, z toho je t\u0159eba vych\u00e1zet a nen\u00ed na tom nic nepochopiteln\u00e9ho, nic neroste v\u011b\u010dn\u011b a tak je t\u0159eba za\u010d\u00edt myslet tzv. i na zadn\u00ed kole\u010dka a b\u00fdt p\u0159ipraveni i na jin\u00e9 varianty. Po\u010det \u010dekatel\u016f na pr\u00e1ci je na nejni\u017e\u0161\u00edm stupni, na jak\u00e9m kdy byl, co\u017e jasn\u011b hovo\u0159\u00ed o tom, \u017ee pr\u00e1ce je a je j\u00ed dost. Ekonomiku tak\u00e9 podporuje b\u011b\u017en\u00fd ob\u010dan, ani\u017e by si to pln\u011b uv\u011bdomoval, a to t\u00edm, \u017ee nakupuje, za co\u017e m\u016f\u017ee i zv\u00fd\u0161en\u00ed mezd a tedy vy\u0161\u0161\u00ed p\u0159\u00ednos do dom\u00e1c\u00edho rozpo\u010dtu. &#13; &#13; Co by si p\u0159\u00e1l nejen ka\u017ed\u00fd ekonom, ale i oby\u010dejn\u00fd \u010dlov\u011bk je, abychom se p\u0159ibl\u00ed\u017eili vysp\u011bl\u00fdm st\u00e1t\u016fm z\u00e1padn\u00ed Evropy, kde jsou platy daleko vy\u0161\u0161\u00ed, ne\u017e jak\u00e9 m\u00e1me u n\u00e1s v \u010cesk\u00e9 republice. Bohu\u017eel zat\u00edm m\u00e1me co doh\u00e1n\u011bt, p\u0159esto\u017ee pracovn\u00ed v\u00fdkonu se s t\u011bmi z\u00e1padn\u00edmi daj\u00ed srovnat, o tom, co v\u00edd\u00e1me na v\u00fdplatn\u00edch p\u00e1sk\u00e1ch, se to \u0159\u00edci ned\u00e1. Ka\u017edop\u00e1dn\u011b je to b\u011bh na dlouhou tra\u0165. Jedn\u00edm z d\u016fvod\u016f, pro\u010d se neda\u0159\u00ed platy zvednout, je men\u0161\u00ed produktivita pr\u00e1ce, chyb\u00ed n\u00e1m dohnat p\u0159ibli\u017en\u011b dvacet procent.&#13; &#13; &#13; Zm\u011bnit by to cht\u011blo cel\u00fd syst\u00e9m na\u0161\u00ed ekonomiky, hlavn\u00edm pil\u00ed\u0159em by nem\u011bly b\u00fdt spole\u010dnosti zab\u00fdvaj\u00edc\u00ed se subdod\u00e1vkami, ale ti, kte\u0159\u00ed jsou koncov\u00fdmi produkovateli. V tom je hlavn\u00ed probl\u00e9m, v situaci, kter\u00e1 je dnes, pak na toho posledn\u00edho v \u0159ad\u011b zb\u00fdv\u00e1 jen minim\u00e1ln\u00ed mar\u017ee a s t\u00edm souvisej\u00edc\u00ed mal\u00e9 mzdy a prost\u0159edky na investov\u00e1n\u00ed. Bohu\u017eel i n\u00edzk\u00fd po\u010det nezam\u011bstnan\u00fdch nen\u00ed v tomto p\u0159\u00edpad\u011b pozitivn\u00ed. &#13; &#13; Nezb\u00fdv\u00e1 ne\u017e doufat, \u017ee se na\u0161\u00ed ekonomice a tedy i n\u00e1m bude v n\u00e1sleduj\u00edc\u00edch desetilet\u00edch da\u0159it. &#13;                                                                                                                                                                                                                                                                                                                                                                                         3.8\/5 - (12 votes)        "},{"@context":"https:\/\/schema.org\/","@type":"BreadcrumbList","itemListElement":[{"@type":"ListItem","position":1,"name":"Co n\u00e1s \u010dek\u00e1 a z\u0159ejm\u011b nemine","item":"https:\/\/www.elsve.cz\/co-nas-ceka-a-zrejme-nemine\/#breadcrumbitem"}]}]