[{"@context":"https:\/\/schema.org\/","@type":"Article","@id":"https:\/\/www.elsve.cz\/i-vas-interier-muze-byt-prakticky-a-designove-bozsky\/#Article","mainEntityOfPage":"https:\/\/www.elsve.cz\/i-vas-interier-muze-byt-prakticky-a-designove-bozsky\/","headline":"I V\u00e1\u0161 interi\u00e9r m\u016f\u017ee b\u00fdt praktick\u00fd a designov\u011b bo\u017esk\u00fd","name":"I V\u00e1\u0161 interi\u00e9r m\u016f\u017ee b\u00fdt praktick\u00fd a designov\u011b bo\u017esk\u00fd","description":"Vybavujete si interi\u00e9r bytu nebo kancel\u00e1\u0159sk\u00fdch prostor a nev\u00edte p\u0159esn\u011b, jak v\u0161e spr\u00e1vn\u011b uspo\u0159\u00e1dat a designov\u011b za\u0159\u00eddit? M\u00e1te alespo\u0148 obraznou&hellip;","datePublished":"2023-06-21","dateModified":"2023-07-26","author":{"@type":"Person","@id":"https:\/\/www.elsve.cz\/author\/#Person","name":"","url":"https:\/\/www.elsve.cz\/author\/","identifier":1,"image":{"@type":"ImageObject","@id":"https:\/\/secure.gravatar.com\/avatar\/0379e0c919e89f337c2f51ff1404922f8441b43281fb91f3719df99f70b9888f?s=96&d=mm&r=g","url":"https:\/\/secure.gravatar.com\/avatar\/0379e0c919e89f337c2f51ff1404922f8441b43281fb91f3719df99f70b9888f?s=96&d=mm&r=g","height":96,"width":96}},"publisher":{"@type":"Organization","name":"elsve.cz","logo":{"@type":"ImageObject","@id":"\/logo.png","url":"\/logo.png","width":600,"height":60}},"image":{"@type":"ImageObject","@id":"https:\/\/www.elsve.cz\/wp-content\/uploads\/pexels-photo-2343465.jpeg","url":"https:\/\/www.elsve.cz\/wp-content\/uploads\/pexels-photo-2343465.jpeg","height":0,"width":0},"url":"https:\/\/www.elsve.cz\/i-vas-interier-muze-byt-prakticky-a-designove-bozsky\/","about":["Neza\u0159azen\u00e9"],"wordCount":418,"articleBody":"   Vybavujete si interi\u00e9r bytu nebo kancel\u00e1\u0159sk\u00fdch prostor a nev\u00edte p\u0159esn\u011b, jak v\u0161e spr\u00e1vn\u011b uspo\u0159\u00e1dat a designov\u011b za\u0159\u00eddit? M\u00e1te alespo\u0148 obraznou p\u0159edstavu nebo v\u016fbec \u017e\u00e1dnou? A\u0165 u\u017e je to tak nebo tak, sjednejte si interi\u00e9rov\u00e9ho design\u00e9ra Praha. Dok\u00e1\u017eou V\u00e1m poradit snad se v\u0161\u00edm v tomto sm\u011bru. Nebu\u010fte na to sami, pokud t\u00e1pete nebo si nev\u00edte rady. Design\u00e9r prost\u011b vid\u00ed prostor a u\u017e mu v hlav\u011b naskakuj\u00ed p\u0159edstavy a n\u00e1pady. D\u00edky nim m\u016f\u017eete m\u00edt i v men\u0161\u00edch prostor\u00e1ch v\u0161e to, co pot\u0159ebujete. Oni d\u00edky r\u016fzn\u00fdm vychyt\u00e1vk\u00e1m a \u0161et\u0159en\u00edm prostoru dan\u00e9 m\u00edstnosti, kouzl\u00ed z\u00e1zraky a vytv\u00e1\u0159ej\u00ed nemo\u017en\u00e9. Nav\u00edc u toho mysl\u00ed na celkov\u00fd efekt m\u00edstnosti a jeho design. V\u0161e je potom praktick\u00e9 a je\u0161t\u011b skv\u011ble vypad\u00e1. J\u00e1 tuto pr\u00e1ci obdivuji.Takovou rozs\u00e1hlou p\u0159edstavu jako oni nem\u00e1m. Je tedy super, \u017ee dok\u00e1\u017e\u00ed pomoci od za\u010d\u00e1tku a\u017e do konce. To znamen\u00e1 od pl\u00e1n\u016f a\u017e po realizaci. Loni jsem pot\u0159ebovala za\u0159\u00eddit pro svoj\u00ed zn\u00e1mou mas\u00e9rsk\u00fd salon. Prostor byl ale na prvn\u00ed pohled nepraktick\u00fd. P\u0159em\u00fd\u0161leli jsme, jak to cel\u00e9 ud\u011blat, aby v m\u00edstnosti mohlo b\u00fdt v\u0161e pot\u0159ebn\u00e9 a nep\u016fsobilo to na z\u00e1kazn\u00edky chaotick\u00fdm dojmem. Sami jsme na to nep\u0159i\u0161li. Dostali jsme kontakt na interi\u00e9rov\u00e9ho design\u00e9ra a na\u0161e p\u0159edstavy se r\u00e1zem za\u010dali napl\u0148ovat. Ten \u010dlov\u011bk prost\u011b p\u0159i\u0161el na nemo\u017en\u00e9 a my byli v\u00e1\u017en\u011b spokojen\u00e9.Do\u010dkali jsme se cenn\u00fdch rad, pomoci a pak u\u017e jsme se jen d\u00edvali, jak se m\u00edstnost tvo\u0159\u00ed podle p\u0159edstav a o\u010dek\u00e1v\u00e1n\u00ed a my nemuseli d\u011blat v\u016fbec nic. Nen\u00ed nad to sehnat kvalitn\u00ed odborn\u00edky, kte\u0159\u00ed sv\u00e9 pr\u00e1ci maxim\u00e1ln\u011b rozum\u00ed. Pot\u0159ebujete tak\u00e9 pomoci? Sjednejte si sch\u016fzku se studiem Evalofa a rozhodn\u011bte se sami, jestli je tohle p\u0159esn\u011b to, co hled\u00e1te. T\u0159eba budete spokojen\u00ed jako j\u00e1 a moje zn\u00e1m\u00e1, kter\u00fd nyn\u00ed jej\u00ed mas\u00e9rsk\u00fd salon naplno prosperuje. Kdy\u017e n\u00e1m p\u0159ipad\u00e1 n\u011bco jako velk\u00fd o\u0159\u00ed\u0161ek, jin\u00fdm nemus\u00ed! Ka\u017ed\u00fd um\u00ed n\u011bco a navz\u00e1jem si pom\u00e1hat a nechat si pomoci je k nezaplacen\u00ed.                                                                                                                                                                                                                                                                                                                                                                                          4.2\/5 - (9 votes)        "},{"@context":"https:\/\/schema.org\/","@type":"BreadcrumbList","itemListElement":[{"@type":"ListItem","position":1,"name":"I V\u00e1\u0161 interi\u00e9r m\u016f\u017ee b\u00fdt praktick\u00fd a designov\u011b bo\u017esk\u00fd","item":"https:\/\/www.elsve.cz\/i-vas-interier-muze-byt-prakticky-a-designove-bozsky\/#breadcrumbitem"}]}]