[{"@context":"https:\/\/schema.org\/","@type":"Article","@id":"https:\/\/www.elsve.cz\/jak-zaridit-obyvaci-pokoj-na-co-nezapomenout-a-co-je-nejdulezitejsi\/#Article","mainEntityOfPage":"https:\/\/www.elsve.cz\/jak-zaridit-obyvaci-pokoj-na-co-nezapomenout-a-co-je-nejdulezitejsi\/","headline":"Jak za\u0159\u00eddit ob\u00fdvac\u00ed pokoj  &#8211; na co nezapomenout a co je nejd\u016fle\u017eit\u011bj\u0161\u00ed","name":"Jak za\u0159\u00eddit ob\u00fdvac\u00ed pokoj  &#8211; na co nezapomenout a co je nejd\u016fle\u017eit\u011bj\u0161\u00ed","description":"Ob\u00fdvac\u00ed pokoj je d\u016fle\u017eitou sou\u010d\u00e1st\u00ed ka\u017ed\u00e9ho interi\u00e9ru. Za\u0159\u00eddit jej stylov\u011b a p\u0159ece prakticky m\u016f\u017ee b\u00fdt ale ob\u010das docela v\u011bda. V\u00edte,&hellip;","datePublished":"2021-01-16","dateModified":"2021-01-16","author":{"@type":"Person","@id":"https:\/\/www.elsve.cz\/author\/#Person","name":"","url":"https:\/\/www.elsve.cz\/author\/","identifier":1,"image":{"@type":"ImageObject","@id":"https:\/\/secure.gravatar.com\/avatar\/0379e0c919e89f337c2f51ff1404922f8441b43281fb91f3719df99f70b9888f?s=96&d=mm&r=g","url":"https:\/\/secure.gravatar.com\/avatar\/0379e0c919e89f337c2f51ff1404922f8441b43281fb91f3719df99f70b9888f?s=96&d=mm&r=g","height":96,"width":96}},"publisher":{"@type":"Organization","name":"elsve.cz","logo":{"@type":"ImageObject","@id":"\/logo.png","url":"\/logo.png","width":600,"height":60}},"image":{"@type":"ImageObject","@id":"https:\/\/www.elsve.cz\/wp-content\/uploads\/pexels-photo-4112601_1.jpeg","url":"https:\/\/www.elsve.cz\/wp-content\/uploads\/pexels-photo-4112601_1.jpeg","height":0,"width":0},"url":"https:\/\/www.elsve.cz\/jak-zaridit-obyvaci-pokoj-na-co-nezapomenout-a-co-je-nejdulezitejsi\/","about":["D\u016fm a zahrada"],"wordCount":611,"articleBody":"            Ob\u00fdvac\u00ed pokoj je d\u016fle\u017eitou sou\u010d\u00e1st\u00ed ka\u017ed\u00e9ho interi\u00e9ru. Za\u0159\u00eddit jej stylov\u011b a p\u0159ece prakticky m\u016f\u017ee b\u00fdt ale ob\u010das docela v\u011bda. V\u00edte, jak se s t\u00edm popasovat? Jak za\u0159\u00eddit ob\u00fdvac\u00ed pokoj &#8211; na co nezapomenout a co je nejd\u016fle\u017eit\u011bj\u0161\u00edOb\u00fdvac\u00ed pokoj je nezbytnou sou\u010d\u00e1st\u00ed ka\u017ed\u00e9ho domova. V ob\u00fdvac\u00edm pokoji se d\u011bje \u0159ada d\u016fle\u017eit\u00fdch ud\u00e1lost\u00ed, do t\u00e9to m\u00edstnosti si zveme hosty nebo zde odpo\u010d\u00edv\u00e1me s celou rodinou. Zvl\u00e1\u0161t\u011b v mal\u00fdch bytech, ale m\u016f\u017ee b\u00fdt probl\u00e9m s jeho za\u0159izov\u00e1n\u00edm. Jak si vybavit ob\u00fdvac\u00ed pokoj stylov\u011b, modern\u011b a z\u00e1rove\u0148 \u00fa\u010deln\u011b a prakticky? Mo\u017en\u00e1 to nebude takov\u00e1 v\u011bda, jak se na prvn\u00ed pohled zd\u00e1. A co v ob\u00fdvac\u00edm pokoji rozhodn\u011b nesm\u00ed chyb\u011bt? Bez t\u00e9 by to ne\u0161loAsi h\u00e1d\u00e1te spr\u00e1vn\u011b, co je nejd\u016fle\u017eit\u011bj\u0161\u00edm bodem ka\u017ed\u00e9ho ob\u00fdvac\u00edho pokoje. Je to samoz\u0159ejm\u011b sedac\u00ed souprava, kter\u00e1 by m\u011bla b\u00fdt tak velk\u00e1, aby se na ni v pohod\u011b ve\u0161la cel\u00e1 va\u0161e rodina. Seda\u010dka  https:\/\/www.sbazar.cz\/hledej\/ROHOV%25C3%2581%2520SEDA%25C4%258CKA\/36-sedacky-sedaci-soupravy by v\u0161ak nem\u011bla prostor zbyte\u010dn\u011b pohlcovat a p\u0159epl\u0148ovat, kolem sedac\u00ed soupravy je zapot\u0159eb\u00ed chodit, a pokud bude zavazet, nebude v\u00e1m to v pr\u016fb\u011bhu let v\u016fbec pohodln\u00e9. Pokud vol\u00edte nap\u0159\u00edklad ko\u017eenou seda\u010dku, pozor na zdroj tepla, tedy topen\u00ed. Tak\u00e9 je nutn\u00e9 vz\u00edt v potaz, \u017ee budete cht\u00edt i konferen\u010dn\u00ed stolek na v\u0161echny nezbytnosti a tak\u00e9 na to, \u017ee sedac\u00ed souprava by m\u011bla b\u00fdt oto\u010den\u00e1 sm\u011brem ke dve\u0159\u00edm. Pokud byste sed\u011bli z\u00e1dy ke dve\u0159\u00edm, velmi \u0161patn\u011b by se v\u00e1m odpo\u010d\u00edvalo. Za\u0159\u00eddit ob\u00fdv\u00e1k tak, aby se do n\u011bj v\u0161echno ve\u0161lo, m\u016f\u017ee b\u00fdt nejv\u011bt\u0161\u00ed o\u0159\u00ed\u0161ek. Zvl\u00e1\u0161t\u011b v mal\u00fdch panel\u00e1kov\u00fdch bytech, to b\u00fdv\u00e1 docela boj. Pokud v\u00e1m bude ob\u00fdvac\u00ed pokoj slou\u017eit z\u00e1rove\u0148 i jako lo\u017enice, ur\u010dit\u011b volte kvalitn\u00ed rozkl\u00e1dac\u00ed sedac\u00ed soupravu a nebojte se n\u00e1bytku p\u0159\u00edmo na m\u00edru. Proto\u017ee v tom p\u0159\u00edpad\u011b se po\u010d\u00edt\u00e1 skute\u010dn\u011b ka\u017ed\u00fd voln\u00fd centimetr k dobru. Detaily, kter\u00e9 v\u00e1m vykouzl\u00ed \u00fasm\u011bv na tv\u00e1\u0159i Co d\u011bl\u00e1 domov domovem? Mal\u00e9, ale kouzeln\u00e9 detaily a dekorace. Ob\u00fdvac\u00ed pokoj je pro n\u011b jako d\u011blan\u00fd. U\u017e v\u00edme, \u017ee bez sk\u0159\u00edn\u00ed, komod a dal\u0161\u00edho n\u00e1bytku se neobejdeme, stejn\u011b jako bez sedac\u00ed soupravy, ale i \u00fapln\u00e9 drobnosti vytv\u00e1\u0159ej\u00ed domov kr\u00e1sn\u011bj\u0161\u00edm. Nezapome\u0148te proto na fotografie, dekora\u010dn\u00ed p\u0159edm\u011bty, sv\u00ed\u010dky nebo kv\u011btiny. Pokud si na nic z toho nepotrp\u00edte, p\u00e1r kousk\u016f si dejte pr\u00e1v\u011b do ob\u00fdv\u00e1ku a uvid\u00edte, \u017ee hned bude v\u00e1\u0161 domov \u00fatuln\u011bj\u0161\u00edm a kr\u00e1sn\u011bj\u0161\u00edm. Pohrajte si s barvami a nebojte se mixovat ani materi\u00e1ly. Inspirace a konkr\u00e9tn\u00ed n\u00e1vrh ob\u00fdvac\u00edho pokoje v\u00e1m m\u016f\u017ee pomoci s rozhodov\u00e1n\u00edm. Za\u0159izov\u00e1n\u00ed berte jako dlouhodobou z\u00e1le\u017eitost, co si nov\u00e9ho po\u0159\u00edd\u00edte, budete cht\u00edt, aby tam tak\u00e9 dlouho vydr\u017eelo, proto\u017ee nikoho nebav\u00ed obm\u011b\u0148ovat interi\u00e9r po\u0159\u00e1d dokola. Vsa\u010fte na neutr\u00e1ln\u00ed a v\u00e1m p\u0159\u00edjemn\u00e9 barvy a tak\u00e9 kvalitn\u00ed a pevn\u00e9 materi\u00e1ly.                                                                                                                                                                                                                                                                                                                                                                                           4.6\/5 - (8 votes)        "},{"@context":"https:\/\/schema.org\/","@type":"BreadcrumbList","itemListElement":[{"@type":"ListItem","position":1,"name":"Jak za\u0159\u00eddit ob\u00fdvac\u00ed pokoj  &#8211; na co nezapomenout a co je nejd\u016fle\u017eit\u011bj\u0161\u00ed","item":"https:\/\/www.elsve.cz\/jak-zaridit-obyvaci-pokoj-na-co-nezapomenout-a-co-je-nejdulezitejsi\/#breadcrumbitem"}]}]