[{"@context":"https:\/\/schema.org\/","@type":"Article","@id":"https:\/\/www.elsve.cz\/kdy-do-duchodu\/#Article","mainEntityOfPage":"https:\/\/www.elsve.cz\/kdy-do-duchodu\/","headline":"Kdy do d\u016fchodu","name":"Kdy do d\u016fchodu","description":"Odchod do d\u016fchodu Na\u0161e firma porad\u00ed, vysv\u011btli a doporu\u010d\u00ed v\u0161e, co se t\u00fdk\u00e1 ot\u00e1zek odchodu do d\u016fchodu. Vypo;\u010d\u00edt\u00e1me datum na&hellip;","datePublished":"2024-11-11","dateModified":"2024-11-11","author":{"@type":"Person","@id":"https:\/\/www.elsve.cz\/author\/#Person","name":"","url":"https:\/\/www.elsve.cz\/author\/","identifier":1,"image":{"@type":"ImageObject","@id":"https:\/\/secure.gravatar.com\/avatar\/0379e0c919e89f337c2f51ff1404922f8441b43281fb91f3719df99f70b9888f?s=96&d=mm&r=g","url":"https:\/\/secure.gravatar.com\/avatar\/0379e0c919e89f337c2f51ff1404922f8441b43281fb91f3719df99f70b9888f?s=96&d=mm&r=g","height":96,"width":96}},"publisher":{"@type":"Organization","name":"elsve.cz","logo":{"@type":"ImageObject","@id":"\/logo.png","url":"\/logo.png","width":600,"height":60}},"url":"https:\/\/www.elsve.cz\/kdy-do-duchodu\/","wordCount":245,"articleBody":"Odchod do d\u016fchoduNa\u0161e firma porad\u00ed, vysv\u011btli a doporu\u010d\u00ed v\u0161e, co se t\u00fdk\u00e1 ot\u00e1zek odchodu do d\u016fchodu. Vypo;\u010d\u00edt\u00e1me datum na odchod do \u0159\u00e1dn\u00e9ho d\u016fchodu nebo kdy vznik\u00e1 n\u00e1rok na odchod do p\u0159ed\u010dasn\u00e9 penze i z \u010deho se skl\u00e1d\u00e1 v\u00fd\u0161e d\u016fchodu. Vysv\u011btl\u00edme n\u011bkter\u00e9 pojmy, kter\u00e9 byste m\u011bli zn\u00e1t a porad\u00edme je\u0161t\u011b s dal\u0161\u00edmi d\u016fle\u017eit\u00fdmi kroky.Kdy do d\u016fchoduPro ka\u017ed\u00e9ho klienta sestavujeme dokumentaci a pot\u0159ebn\u00e9 informace k ot\u00e1zk\u00e1m kdy do d\u016fchoduindividu\u00e1ln\u011b. Na\u0161e zpr\u00e1vy sestavujeme p\u0159ehledn\u011b, aby se v nich mohl vyznat ka\u017ed\u00fd, kdo vyu\u017e\u00edv\u00e1 na\u0161ich slu\u017eeb. Sv\u00fdm klient\u016fm se sna\u017e\u00edme pomoci, aby v budoucnu nep\u0159i\u0161li o d\u016fchodov\u00e9 \u010d\u00e1stky, na kter\u00e9 maj\u00ed pr\u00e1vo. Obra\u0165te se na n\u00e1s i vy a my pom\u016f\u017eeme.Zaslou\u017een\u00fd odpo\u010dinekV d\u016fchodu na \u010dlov\u011bka \u010dek\u00e1 zaslou\u017een\u00fd odpo\u010dinek. Vy\u0159e\u0161te nyn\u00ed sv\u00e9 starosti a nechte si od n\u00e1s poradit, odchod do d\u016fchodu. My odvedeme ve\u0161kerou pr\u00e1ci a pod\u00e1me v\u00e1m p\u0159esnou zpr\u00e1vu o tom, jak\u00fd n\u00e1rok na d\u016fchod m\u00e1te. Pokud se boj\u00edte, \u017ee byste mohli b\u00fdt ochuzeni o sv\u016fj d\u016fchod, po\u017e\u00e1dejte o pomoc na\u0161e odborn\u00edky.                                                                                                                                                                                                                                                                                                                                                                                        4.6\/5 - (5 votes)        "},{"@context":"https:\/\/schema.org\/","@type":"BreadcrumbList","itemListElement":[{"@type":"ListItem","position":1,"name":"Kdy do d\u016fchodu","item":"https:\/\/www.elsve.cz\/kdy-do-duchodu\/#breadcrumbitem"}]}]