[{"@context":"https:\/\/schema.org\/","@type":"Article","@id":"https:\/\/www.elsve.cz\/logopedie-aneb-jak-na-poruchy-komunikace\/#Article","mainEntityOfPage":"https:\/\/www.elsve.cz\/logopedie-aneb-jak-na-poruchy-komunikace\/","headline":"Logopedie aneb jak na poruchy komunikace","name":"Logopedie aneb jak na poruchy komunikace","description":"Logopedie nen\u00ed jen n\u00e1prava \u010di odstran\u011bn\u00ed vady \u0159e\u010di. Mezi slu\u017eby v\u00a0r\u00e1mci logopedie n\u00e1le\u017e\u00ed \u0159e\u0161en\u00ed probl\u00e9m\u016f ohledn\u011b komunikace a od n\u00ed&hellip;","datePublished":"2017-08-24","dateModified":"2023-05-07","author":{"@type":"Person","@id":"https:\/\/www.elsve.cz\/author\/#Person","name":"","url":"https:\/\/www.elsve.cz\/author\/","identifier":1,"image":{"@type":"ImageObject","@id":"https:\/\/secure.gravatar.com\/avatar\/0379e0c919e89f337c2f51ff1404922f8441b43281fb91f3719df99f70b9888f?s=96&d=mm&r=g","url":"https:\/\/secure.gravatar.com\/avatar\/0379e0c919e89f337c2f51ff1404922f8441b43281fb91f3719df99f70b9888f?s=96&d=mm&r=g","height":96,"width":96}},"publisher":{"@type":"Organization","name":"elsve.cz","logo":{"@type":"ImageObject","@id":"\/logo.png","url":"\/logo.png","width":600,"height":60}},"image":{"@type":"ImageObject","@id":"https:\/\/www.elsve.cz\/wp-content\/uploads\/img_a298535_w1751_t1508860575.jpg","url":"https:\/\/www.elsve.cz\/wp-content\/uploads\/img_a298535_w1751_t1508860575.jpg","height":0,"width":0},"url":"https:\/\/www.elsve.cz\/logopedie-aneb-jak-na-poruchy-komunikace\/","wordCount":438,"articleBody":"Logopedie nen\u00ed jen n\u00e1prava \u010di odstran\u011bn\u00ed vady \u0159e\u010di. Mezi slu\u017eby v\u00a0r\u00e1mci logopedie n\u00e1le\u017e\u00ed \u0159e\u0161en\u00ed probl\u00e9m\u016f ohledn\u011b komunikace a od n\u00ed odv\u00edjej\u00edc\u00ed se poruchy. V\u00a0sou\u010dasn\u00e9 dob\u011b bohu\u017eel neust\u00e1le p\u0159ib\u00fdv\u00e1 a roste po\u010det populace s\u00a0logopedickou vadou. U d\u011bt\u00ed za to m\u016f\u017ee nedostatek \u010dasu v\u011bnov\u00e1n\u00ed se d\u00edt\u011bti, mluven\u00ed s\u00a0n\u00edm, rozv\u00edjen\u00ed jeho komunika\u010dn\u00edch dovednost\u00ed. Vliv na to m\u00e1 t\u00e9\u017e \u010detba knih neboli poh\u00e1dek d\u00edt\u011bti p\u0159ed span\u00edm apod. Av\u0161ak i u dosp\u011bl\u00fdch jedinc\u016f je vy\u0161\u0161\u00ed po\u010det t\u011bch, co ve vlastn\u00edm z\u00e1jmu vyhledaj\u00ed pomoc a slu\u017ebu logopeda.\u00a0Logopedie a poskytovan\u00e9 slu\u017eby v\u00a0r\u00e1mci pomoci\u00a0\u00b7\u00a0\u00a0\u00a0\u00a0\u00a0\u00a0\u00a0\u00a0 prevence vzniku \u0159e\u010dov\u00e9 vady a orofacion\u00e1ln\u00ed patologie,\u00b7\u00a0\u00a0\u00a0\u00a0\u00a0\u00a0\u00a0\u00a0 odstran\u011bn\u00ed a n\u00e1prava logopedick\u00e9 vady,\u00b7\u00a0\u00a0\u00a0\u00a0\u00a0\u00a0\u00a0\u00a0 pomoc a p\u00e9\u010de p\u0159i z\u00e1va\u017en\u011bj\u0161\u00edm komunika\u010dn\u00edm probl\u00e9mu,\u00b7\u00a0\u00a0\u00a0\u00a0\u00a0\u00a0\u00a0\u00a0 pomoc v\u00a0r\u00e1mci opo\u017ed\u011bn\u00e9ho v\u00fdvoje \u0159e\u010di,\u00b7\u00a0\u00a0\u00a0\u00a0\u00a0\u00a0\u00a0\u00a0 rozvoj slovn\u00ed z\u00e1soby a tvorba stavby \u0159e\u010di,\u00b7\u00a0\u00a0\u00a0\u00a0\u00a0\u00a0\u00a0\u00a0 logopedick\u00e1 cvi\u010den\u00ed,\u00b7\u00a0\u00a0\u00a0\u00a0\u00a0\u00a0\u00a0\u00a0 konzultace, anal\u00fdza, diagnostika probl\u00e9mu apod.\u00a0Kdy vyu\u017e\u00edt slu\u017eby logopeda?\u00a0Ohledn\u011b d\u00edt\u011bte a rozvoje \u0159e\u010di je v\u0161eobecn\u011b vn\u00edm\u00e1no, jestli\u017ee ve t\u0159ech letech d\u00edt\u011b nen\u00ed schopno mluvit, je vyhled\u00e1n\u00ed logopeda vhodn\u00e9. V\u011bt\u0161inou rodi\u010de jsou upozorn\u011bny na vyhled\u00e1n\u00ed slu\u017eby logopeda p\u0159i pravideln\u00fdch ro\u010dn\u00edch prohl\u00eddk\u00e1ch u d\u011btsk\u00e9ho l\u00e9ka\u0159e. N\u011bkdy t\u00e9\u017e m\u016f\u017ee p\u0159ij\u00edt podn\u011bt ze strany u\u010ditelky v\u00a0mate\u0159sk\u00e9 \u0161kolce. Jestli\u017ee d\u00edt\u011b trp\u00ed koktavost\u00ed \u010di zadrh\u00e1v\u00e1, je t\u0159eba n\u00e1v\u0161t\u011bvu logopeda neodkl\u00e1dat.\u00a0U dosp\u011bl\u00fdch jedinc\u016f je adekv\u00e1tn\u00ed vyu\u017eit\u00ed slu\u017eeb logopeda p\u0159i probl\u00e9mu s\u00a0nespr\u00e1vnou v\u00fdslovnost\u00ed hl\u00e1sek, \u010di s\u00a0plynulou mluvou bez zadrh\u00e1v\u00e1n\u00ed, pro lep\u0161\u00ed vyjad\u0159ov\u00e1n\u00ed. N\u011bkdy samoz\u0159ejm\u011b je t\u0159eba zaj\u00edt za logopedem po prod\u011blan\u00e9 v\u00e1\u017en\u011bj\u0161\u00ed nemoci, jako nap\u0159\u00edklad po mozkov\u00e9 p\u0159\u00edhod\u011b apod.\u00a0N\u00e1v\u0161t\u011bva logopeda aneb co je t\u0159eba v\u011bd\u011bt\u00a0N\u011bkdy m\u016f\u017eete obdr\u017eet kontakt na pediatra \u010di na z\u00e1klad\u011b absolvovan\u00e9ho vy\u0161et\u0159en\u00ed na foniatrii apod. Ka\u017edop\u00e1dn\u011b je v\u017edy t\u0159eba si telefonicky domluvit konkr\u00e9tn\u00ed term\u00edn, tj. den a hodinu. Jestli\u017ee m\u00e1te doporu\u010den\u00ed \u010di l\u00e9ka\u0159skou zpr\u00e1vu, je dobr\u00e9 si ji vz\u00edt s\u00a0sebou.                                                                                                                                                                                                                                                                                                                                                                                        4.2\/5 - (12 votes)        "},{"@context":"https:\/\/schema.org\/","@type":"BreadcrumbList","itemListElement":[{"@type":"ListItem","position":1,"name":"Logopedie aneb jak na poruchy komunikace","item":"https:\/\/www.elsve.cz\/logopedie-aneb-jak-na-poruchy-komunikace\/#breadcrumbitem"}]}]