[{"@context":"https:\/\/schema.org\/","@type":"Article","@id":"https:\/\/www.elsve.cz\/myslete-na-sve-zdravi\/#Article","mainEntityOfPage":"https:\/\/www.elsve.cz\/myslete-na-sve-zdravi\/","headline":"Myslete na sv\u00e9 zdrav\u00ed","name":"Myslete na sv\u00e9 zdrav\u00ed","description":"Technika je n&Atilde;&iexcl;&Aring;&iexcl; p&Aring;&#8482;&Atilde;&shy;tel i nep&Aring;&#8482;&Atilde;&shy;tel. Slou&Aring;&frac34;&Atilde;&shy; n&Atilde;&iexcl;m na ka&Aring;&frac34;d&Atilde;&copy;m kroku a na ka&Aring;&frac34;d&Atilde;&copy;m kroku n&Atilde;&iexcl;m z&Atilde;&iexcl;rove&Aring;&#710; &Aring;&iexcl;kod&Atilde;&shy;. Je s&hellip;","datePublished":"2023-02-16","dateModified":"2024-02-21","author":{"@type":"Person","@id":"https:\/\/www.elsve.cz\/author\/#Person","name":"","url":"https:\/\/www.elsve.cz\/author\/","identifier":1,"image":{"@type":"ImageObject","@id":"https:\/\/secure.gravatar.com\/avatar\/0379e0c919e89f337c2f51ff1404922f8441b43281fb91f3719df99f70b9888f?s=96&d=mm&r=g","url":"https:\/\/secure.gravatar.com\/avatar\/0379e0c919e89f337c2f51ff1404922f8441b43281fb91f3719df99f70b9888f?s=96&d=mm&r=g","height":96,"width":96}},"publisher":{"@type":"Organization","name":"elsve.cz","logo":{"@type":"ImageObject","@id":"\/logo.png","url":"\/logo.png","width":600,"height":60}},"url":"https:\/\/www.elsve.cz\/myslete-na-sve-zdravi\/","wordCount":462,"articleBody":"Technika je n&Atilde;&iexcl;&Aring;&iexcl; p&Aring;&#8482;&Atilde;&shy;tel i nep&Aring;&#8482;&Atilde;&shy;tel. Slou&Aring;&frac34;&Atilde;&shy; n&Atilde;&iexcl;m na ka&Aring;&frac34;d&Atilde;&copy;m kroku a na ka&Aring;&frac34;d&Atilde;&copy;m kroku n&Atilde;&iexcl;m z&Atilde;&iexcl;rove&Aring;&#710; &Aring;&iexcl;kod&Atilde;&shy;. Je s n&Atilde;&shy; toti&Aring;&frac34; spojeno nep&Aring;&#8482;irozen&Atilde;&copy; z&Atilde;&iexcl;&Aring;&#8482;en&Atilde;&shy;, kter&Atilde;&copy; se negativn&Auml;&#8250; odr&Atilde;&iexcl;&Aring;&frac34;&Atilde;&shy; na &Aring;&iexcl;patn&Atilde;&copy;m fyzick&Atilde;&copy;m zdrav&Atilde;&shy; i na stavu psychiky. Toto z&Atilde;&iexcl;&Aring;&#8482;en&Atilde;&shy; je v&Aring;&iexcl;udyp&Aring;&#8482;&Atilde;&shy;tomn&Atilde;&copy; a m&Atilde;&iexcl; naprosto negativn&Atilde;&shy; vliv na cel&Atilde;&frac12; n&Atilde;&iexcl;&Aring;&iexcl; organizmus. Ochrana p&Aring;&#8482;ed elektrosmogem je tedy v z&Atilde;&iexcl;jmu ka&Aring;&frac34;d&Atilde;&copy;ho z n&Atilde;&iexcl;s. A chr&Atilde;&iexcl;nit bychom m&Auml;&#8250;li zejm&Atilde;&copy;na d&Auml;&#8250;ti. S produkty BioProtecht se bude bezpe&Auml;n&Auml;&#8250; c&Atilde;&shy;tit cel&Atilde;&iexcl; va&Aring;&iexcl;e rodina.Z&Atilde;&iexcl;t&Auml;&#8250;&Aring;&frac34; pro &Aring;&frac34;ivotn&Atilde;&shy; prost&Aring;&#8482;ed&Atilde;&shy; i zdrav&Atilde;&shy;Kolem elektroza&Aring;&#8482;&Atilde;&shy;zen&Atilde;&shy; vznik&Atilde;&iexcl; &Aring;&iexcl;kodliv&Atilde;&copy; z&Atilde;&iexcl;&Aring;&#8482;en&Atilde;&shy;. Jeliko&Aring;&frac34; je jeho zdroj um&Auml;&#8250;l&Atilde;&frac12;, je samoz&Aring;&#8482;ejm&Auml;&#8250; i ono nep&Aring;&#8482;irozen&Atilde;&copy;. M&Atilde;&iexcl; negativn&Atilde;&shy; dopad jak na cel&Atilde;&frac12; lidsk&Atilde;&frac12; organizmus, tak i na &Aring;&frac34;ivotn&Atilde;&shy; prost&Aring;&#8482;ed&Atilde;&shy;. Ochrana p&Aring;&#8482;ed elektrosmogem je tak p&Aring;&#8482;&Atilde;&shy;le&Aring;&frac34;itost&Atilde;&shy; pro ka&Aring;&frac34;d&Atilde;&copy;ho, komu na vlastn&Atilde;&shy;m zdrav&Atilde;&shy; i bezpe&Auml;&Atilde;&shy; cel&Atilde;&copy; rodiny z&Atilde;&iexcl;le&Aring;&frac34;&Atilde;&shy;. T&Atilde;&shy;m, &Aring;&frac34;e umo&Aring;&frac34;n&Atilde;&shy;te neutralizaci z&Atilde;&iexcl;&Aring;&#8482;en&Atilde;&shy;, bude technika, kterou u&Aring;&frac34;&Atilde;&shy;v&Atilde;&iexcl;te odru&Aring;&iexcl;en&Atilde;&iexcl; a vy si tak zajist&Atilde;&shy;te harmonizovan&Atilde;&copy; prost&Aring;&#8482;ed&Atilde;&shy; a bezpe&Auml;&Atilde;&shy;. Stejn&Auml;&#8250; tak spolehliv&Auml;&#8250; a &Atilde;&ordm;&Auml;inn&Auml;&#8250; v&Atilde;&iexcl;m pom&Aring;&macr;&Aring;&frac34;ou produkty BioProtect v boji proti vysokofrekven&Auml;n&Atilde;&shy;mu z&Atilde;&iexcl;&Aring;&#8482;en&Atilde;&shy; venku.                                                                                                                                                                                                                                                                                                                                                                                        4.4\/5 - (11 votes)        "},{"@context":"https:\/\/schema.org\/","@type":"BreadcrumbList","itemListElement":[{"@type":"ListItem","position":1,"name":"Myslete na sv\u00e9 zdrav\u00ed","item":"https:\/\/www.elsve.cz\/myslete-na-sve-zdravi\/#breadcrumbitem"}]}]