[{"@context":"https:\/\/schema.org\/","@type":"Blog","@id":"https:\/\/www.elsve.cz#Blog","headline":"Elsve","description":"\nPot\u0159ebujete n\u011bkde zve\u0159ejnit svou reklamu a nev\u00edte, kter\u00e9 m\u00edsto je to prav\u00e9? Pak si zkuste prostudovat na\u0161i nab\u00eddku a t\u0159eba to bude to prav\u00e9.","url":"https:\/\/www.elsve.cz","hasPart":[{"@type":"Article","@id":"https:\/\/www.elsve.cz\/zvitezte-nad-problemy\/","headline":"Zv\u00edt\u011bzte nad probl\u00e9my","url":"https:\/\/www.elsve.cz\/zvitezte-nad-problemy\/","datePublished":"2019-06-21","dateModified":"2023-05-07","mainEntityOfPage":"https:\/\/www.elsve.cz\/zvitezte-nad-problemy\/","author":{"@type":"Person","@id":"https:\/\/www.elsve.cz\/author\/#Person","name":"","url":"https:\/\/www.elsve.cz\/author\/","identifier":1,"image":{"@type":"ImageObject","@id":"https:\/\/secure.gravatar.com\/avatar\/0379e0c919e89f337c2f51ff1404922f8441b43281fb91f3719df99f70b9888f?s=96&d=mm&r=g","url":"https:\/\/secure.gravatar.com\/avatar\/0379e0c919e89f337c2f51ff1404922f8441b43281fb91f3719df99f70b9888f?s=96&d=mm&r=g","height":96,"width":96}},"publisher":{"@type":"Organization","name":"elsve.cz","logo":{"@type":"ImageObject","@id":"\/logo.png","url":"\/logo.png","width":600,"height":60}},"image":{"@type":"ImageObject","@id":"https:\/\/www.elsve.cz\/wp-content\/uploads\/img_a352432_w1722_t1566984398.png","url":"https:\/\/www.elsve.cz\/wp-content\/uploads\/img_a352432_w1722_t1566984398.png","height":0,"width":0},"wordCount":568,"keywords":null},{"@type":"Article","@id":"https:\/\/www.elsve.cz\/internetovy-marketing\/","headline":"Internetov\u00fd marketing","url":"https:\/\/www.elsve.cz\/internetovy-marketing\/","datePublished":"2019-06-15","dateModified":"2023-05-07","mainEntityOfPage":"https:\/\/www.elsve.cz\/internetovy-marketing\/","author":{"@type":"Person","@id":"https:\/\/www.elsve.cz\/author\/#Person","name":"","url":"https:\/\/www.elsve.cz\/author\/","identifier":1,"image":{"@type":"ImageObject","@id":"https:\/\/secure.gravatar.com\/avatar\/0379e0c919e89f337c2f51ff1404922f8441b43281fb91f3719df99f70b9888f?s=96&d=mm&r=g","url":"https:\/\/secure.gravatar.com\/avatar\/0379e0c919e89f337c2f51ff1404922f8441b43281fb91f3719df99f70b9888f?s=96&d=mm&r=g","height":96,"width":96}},"publisher":{"@type":"Organization","name":"elsve.cz","logo":{"@type":"ImageObject","@id":"\/logo.png","url":"\/logo.png","width":600,"height":60}},"image":{"@type":"ImageObject","@id":"https:\/\/www.elsve.cz\/wp-content\/uploads\/img_a347396_w2902_t1561631763.jpg","url":"https:\/\/www.elsve.cz\/wp-content\/uploads\/img_a347396_w2902_t1561631763.jpg","height":0,"width":0},"wordCount":4592,"keywords":null},{"@type":"Article","@id":"https:\/\/www.elsve.cz\/vlasy-samou-loknu-mela\/","headline":"Vlasy samou loknu m\u011bla","url":"https:\/\/www.elsve.cz\/vlasy-samou-loknu-mela\/","datePublished":"2019-06-12","dateModified":"2023-05-07","mainEntityOfPage":"https:\/\/www.elsve.cz\/vlasy-samou-loknu-mela\/","author":{"@type":"Person","@id":"https:\/\/www.elsve.cz\/author\/#Person","name":"","url":"https:\/\/www.elsve.cz\/author\/","identifier":1,"image":{"@type":"ImageObject","@id":"https:\/\/secure.gravatar.com\/avatar\/0379e0c919e89f337c2f51ff1404922f8441b43281fb91f3719df99f70b9888f?s=96&d=mm&r=g","url":"https:\/\/secure.gravatar.com\/avatar\/0379e0c919e89f337c2f51ff1404922f8441b43281fb91f3719df99f70b9888f?s=96&d=mm&r=g","height":96,"width":96}},"publisher":{"@type":"Organization","name":"elsve.cz","logo":{"@type":"ImageObject","@id":"\/logo.png","url":"\/logo.png","width":600,"height":60}},"image":{"@type":"ImageObject","@id":"https:\/\/www.elsve.cz\/wp-content\/uploads\/img_a349028_w2902_t1563856392.jpg","url":"https:\/\/www.elsve.cz\/wp-content\/uploads\/img_a349028_w2902_t1563856392.jpg","height":0,"width":0},"wordCount":462,"keywords":null},{"@type":"Article","@id":"https:\/\/www.elsve.cz\/kdyz-s-vami-domaci-mazlicek-nemuze-na-dovolenou\/","headline":"Kdy\u017e s v\u00e1mi dom\u00e1c\u00ed mazl\u00ed\u010dek nem\u016f\u017ee na dovolenou","url":"https:\/\/www.elsve.cz\/kdyz-s-vami-domaci-mazlicek-nemuze-na-dovolenou\/","datePublished":"2019-06-12","dateModified":"2023-05-07","mainEntityOfPage":"https:\/\/www.elsve.cz\/kdyz-s-vami-domaci-mazlicek-nemuze-na-dovolenou\/","author":{"@type":"Person","@id":"https:\/\/www.elsve.cz\/author\/#Person","name":"","url":"https:\/\/www.elsve.cz\/author\/","identifier":1,"image":{"@type":"ImageObject","@id":"https:\/\/secure.gravatar.com\/avatar\/0379e0c919e89f337c2f51ff1404922f8441b43281fb91f3719df99f70b9888f?s=96&d=mm&r=g","url":"https:\/\/secure.gravatar.com\/avatar\/0379e0c919e89f337c2f51ff1404922f8441b43281fb91f3719df99f70b9888f?s=96&d=mm&r=g","height":96,"width":96}},"publisher":{"@type":"Organization","name":"elsve.cz","logo":{"@type":"ImageObject","@id":"\/logo.png","url":"\/logo.png","width":600,"height":60}},"image":{"@type":"ImageObject","@id":"https:\/\/www.elsve.cz\/wp-content\/uploads\/img_a348822_w2784_t1563649477.jpg","url":"https:\/\/www.elsve.cz\/wp-content\/uploads\/img_a348822_w2784_t1563649477.jpg","height":0,"width":0},"wordCount":514,"keywords":null},{"@type":"Article","@id":"https:\/\/www.elsve.cz\/klic-k-uspesnemu-podnikani-existuje-nejaky\/","headline":"Kl\u00ed\u010d k \u00fasp\u011b\u0161n\u00e9mu podnik\u00e1n\u00ed\u2026. Existuje n\u011bjak\u00fd???","url":"https:\/\/www.elsve.cz\/klic-k-uspesnemu-podnikani-existuje-nejaky\/","datePublished":"2019-06-12","dateModified":"2023-05-07","mainEntityOfPage":"https:\/\/www.elsve.cz\/klic-k-uspesnemu-podnikani-existuje-nejaky\/","author":{"@type":"Person","@id":"https:\/\/www.elsve.cz\/author\/#Person","name":"","url":"https:\/\/www.elsve.cz\/author\/","identifier":1,"image":{"@type":"ImageObject","@id":"https:\/\/secure.gravatar.com\/avatar\/0379e0c919e89f337c2f51ff1404922f8441b43281fb91f3719df99f70b9888f?s=96&d=mm&r=g","url":"https:\/\/secure.gravatar.com\/avatar\/0379e0c919e89f337c2f51ff1404922f8441b43281fb91f3719df99f70b9888f?s=96&d=mm&r=g","height":96,"width":96}},"publisher":{"@type":"Organization","name":"elsve.cz","logo":{"@type":"ImageObject","@id":"\/logo.png","url":"\/logo.png","width":600,"height":60}},"image":{"@type":"ImageObject","@id":"https:\/\/www.elsve.cz\/wp-content\/uploads\/img_a348796_w2902_t1563644938.jpg","url":"https:\/\/www.elsve.cz\/wp-content\/uploads\/img_a348796_w2902_t1563644938.jpg","height":0,"width":0},"wordCount":4577,"keywords":null},{"@type":"Article","@id":"https:\/\/www.elsve.cz\/balaton-nabizi-spoustu-nevsednich-mist-jaka-si-vybrat\/","headline":"Balaton nab\u00edz\u00ed spoustu nev\u0161edn\u00edch m\u00edst. Jak\u00e1 si vybrat?","url":"https:\/\/www.elsve.cz\/balaton-nabizi-spoustu-nevsednich-mist-jaka-si-vybrat\/","datePublished":"2019-06-12","dateModified":"2023-05-07","mainEntityOfPage":"https:\/\/www.elsve.cz\/balaton-nabizi-spoustu-nevsednich-mist-jaka-si-vybrat\/","author":{"@type":"Person","@id":"https:\/\/www.elsve.cz\/author\/#Person","name":"","url":"https:\/\/www.elsve.cz\/author\/","identifier":1,"image":{"@type":"ImageObject","@id":"https:\/\/secure.gravatar.com\/avatar\/0379e0c919e89f337c2f51ff1404922f8441b43281fb91f3719df99f70b9888f?s=96&d=mm&r=g","url":"https:\/\/secure.gravatar.com\/avatar\/0379e0c919e89f337c2f51ff1404922f8441b43281fb91f3719df99f70b9888f?s=96&d=mm&r=g","height":96,"width":96}},"publisher":{"@type":"Organization","name":"elsve.cz","logo":{"@type":"ImageObject","@id":"\/logo.png","url":"\/logo.png","width":600,"height":60}},"image":{"@type":"ImageObject","@id":"https:\/\/www.elsve.cz\/wp-content\/uploads\/img_a348657_w2902_t1563616610.jpg","url":"https:\/\/www.elsve.cz\/wp-content\/uploads\/img_a348657_w2902_t1563616610.jpg","height":0,"width":0},"wordCount":604,"keywords":null},{"@type":"Article","@id":"https:\/\/www.elsve.cz\/koureni\/","headline":"Kou\u0159en\u00ed","url":"https:\/\/www.elsve.cz\/koureni\/","datePublished":"2019-06-12","dateModified":"2023-05-07","mainEntityOfPage":"https:\/\/www.elsve.cz\/koureni\/","author":{"@type":"Person","@id":"https:\/\/www.elsve.cz\/author\/#Person","name":"","url":"https:\/\/www.elsve.cz\/author\/","identifier":1,"image":{"@type":"ImageObject","@id":"https:\/\/secure.gravatar.com\/avatar\/0379e0c919e89f337c2f51ff1404922f8441b43281fb91f3719df99f70b9888f?s=96&d=mm&r=g","url":"https:\/\/secure.gravatar.com\/avatar\/0379e0c919e89f337c2f51ff1404922f8441b43281fb91f3719df99f70b9888f?s=96&d=mm&r=g","height":96,"width":96}},"publisher":{"@type":"Organization","name":"elsve.cz","logo":{"@type":"ImageObject","@id":"\/logo.png","url":"\/logo.png","width":600,"height":60}},"image":{"@type":"ImageObject","@id":"https:\/\/www.elsve.cz\/wp-content\/uploads\/img_a348539_w2902_t1563480352.jpg","url":"https:\/\/www.elsve.cz\/wp-content\/uploads\/img_a348539_w2902_t1563480352.jpg","height":0,"width":0},"wordCount":499,"keywords":null},{"@type":"Article","@id":"https:\/\/www.elsve.cz\/nakupy-online-se-stale-rozmahaji\/","headline":"N\u00e1kupy online se st\u00e1le rozm\u00e1haj\u00ed?","url":"https:\/\/www.elsve.cz\/nakupy-online-se-stale-rozmahaji\/","datePublished":"2019-06-12","dateModified":"2023-05-07","mainEntityOfPage":"https:\/\/www.elsve.cz\/nakupy-online-se-stale-rozmahaji\/","author":{"@type":"Person","@id":"https:\/\/www.elsve.cz\/author\/#Person","name":"","url":"https:\/\/www.elsve.cz\/author\/","identifier":1,"image":{"@type":"ImageObject","@id":"https:\/\/secure.gravatar.com\/avatar\/0379e0c919e89f337c2f51ff1404922f8441b43281fb91f3719df99f70b9888f?s=96&d=mm&r=g","url":"https:\/\/secure.gravatar.com\/avatar\/0379e0c919e89f337c2f51ff1404922f8441b43281fb91f3719df99f70b9888f?s=96&d=mm&r=g","height":96,"width":96}},"publisher":{"@type":"Organization","name":"elsve.cz","logo":{"@type":"ImageObject","@id":"\/logo.png","url":"\/logo.png","width":600,"height":60}},"image":{"@type":"ImageObject","@id":"https:\/\/www.elsve.cz\/wp-content\/uploads\/img_a347996_w2902_t1562495626.jpg","url":"https:\/\/www.elsve.cz\/wp-content\/uploads\/img_a347996_w2902_t1562495626.jpg","height":0,"width":0},"wordCount":513,"keywords":null},{"@type":"Article","@id":"https:\/\/www.elsve.cz\/co-nas-ceka-a-zrejme-nemine\/","headline":"Co n\u00e1s \u010dek\u00e1 a z\u0159ejm\u011b nemine","url":"https:\/\/www.elsve.cz\/co-nas-ceka-a-zrejme-nemine\/","datePublished":"2019-06-12","dateModified":"2023-05-07","mainEntityOfPage":"https:\/\/www.elsve.cz\/co-nas-ceka-a-zrejme-nemine\/","author":{"@type":"Person","@id":"https:\/\/www.elsve.cz\/author\/#Person","name":"","url":"https:\/\/www.elsve.cz\/author\/","identifier":1,"image":{"@type":"ImageObject","@id":"https:\/\/secure.gravatar.com\/avatar\/0379e0c919e89f337c2f51ff1404922f8441b43281fb91f3719df99f70b9888f?s=96&d=mm&r=g","url":"https:\/\/secure.gravatar.com\/avatar\/0379e0c919e89f337c2f51ff1404922f8441b43281fb91f3719df99f70b9888f?s=96&d=mm&r=g","height":96,"width":96}},"publisher":{"@type":"Organization","name":"elsve.cz","logo":{"@type":"ImageObject","@id":"\/logo.png","url":"\/logo.png","width":600,"height":60}},"image":{"@type":"ImageObject","@id":"https:\/\/www.elsve.cz\/wp-content\/uploads\/img_a347978_w2902_t1562491486.jpg","url":"https:\/\/www.elsve.cz\/wp-content\/uploads\/img_a347978_w2902_t1562491486.jpg","height":0,"width":0},"wordCount":4554,"keywords":null},{"@type":"Article","@id":"https:\/\/www.elsve.cz\/budoucnost-elektromobilu-v-cesku\/","headline":"Budoucnost elektromobil\u016f v \u010cesku","url":"https:\/\/www.elsve.cz\/budoucnost-elektromobilu-v-cesku\/","datePublished":"2019-06-02","dateModified":"2023-05-07","mainEntityOfPage":"https:\/\/www.elsve.cz\/budoucnost-elektromobilu-v-cesku\/","author":{"@type":"Person","@id":"https:\/\/www.elsve.cz\/author\/#Person","name":"","url":"https:\/\/www.elsve.cz\/author\/","identifier":1,"image":{"@type":"ImageObject","@id":"https:\/\/secure.gravatar.com\/avatar\/0379e0c919e89f337c2f51ff1404922f8441b43281fb91f3719df99f70b9888f?s=96&d=mm&r=g","url":"https:\/\/secure.gravatar.com\/avatar\/0379e0c919e89f337c2f51ff1404922f8441b43281fb91f3719df99f70b9888f?s=96&d=mm&r=g","height":96,"width":96}},"publisher":{"@type":"Organization","name":"elsve.cz","logo":{"@type":"ImageObject","@id":"\/logo.png","url":"\/logo.png","width":600,"height":60}},"image":{"@type":"ImageObject","@id":"https:\/\/www.elsve.cz\/wp-content\/uploads\/img_a349396_w2902_t1564340333.jpg","url":"https:\/\/www.elsve.cz\/wp-content\/uploads\/img_a349396_w2902_t1564340333.jpg","height":0,"width":0},"wordCount":461,"keywords":null}]},{"@context":"https:\/\/schema.org","@type":"WebSite","@id":"https:\/\/www.elsve.cz\/#website","name":"Elsve","url":"https:\/\/www.elsve.cz","potentialAction":{"@type":"SearchAction","target":"https:\/\/www.elsve.cz\/?s={search_term_string}","query-input":"required name=search_term_string"}}]