[{"@context":"https:\/\/schema.org\/","@type":"Article","@id":"https:\/\/www.elsve.cz\/priprava-vozu-na-dovolenou\/#Article","mainEntityOfPage":"https:\/\/www.elsve.cz\/priprava-vozu-na-dovolenou\/","headline":"P\u0159\u00edprava vozu na dovolenou","name":"P\u0159\u00edprava vozu na dovolenou","description":"P\u0159\u00edprava vozu na dovolenou Na nic nezapome\u0148te Auta n\u00e1m st\u00e1le v\u011brn\u011b slou\u017e\u00ed, abychom v nich mohli st\u00e1le cestovat, kam pot\u0159ebujeme.&hellip;","datePublished":"2021-09-03","dateModified":"2023-05-07","author":{"@type":"Person","@id":"https:\/\/www.elsve.cz\/author\/#Person","name":"","url":"https:\/\/www.elsve.cz\/author\/","identifier":1,"image":{"@type":"ImageObject","@id":"https:\/\/secure.gravatar.com\/avatar\/0379e0c919e89f337c2f51ff1404922f8441b43281fb91f3719df99f70b9888f?s=96&d=mm&r=g","url":"https:\/\/secure.gravatar.com\/avatar\/0379e0c919e89f337c2f51ff1404922f8441b43281fb91f3719df99f70b9888f?s=96&d=mm&r=g","height":96,"width":96}},"publisher":{"@type":"Organization","name":"elsve.cz","logo":{"@type":"ImageObject","@id":"\/logo.png","url":"\/logo.png","width":600,"height":60}},"image":{"@type":"ImageObject","@id":"https:\/\/www.elsve.cz\/wp-content\/uploads\/auto%20veter%C3%A1n_1.jpg","url":"https:\/\/www.elsve.cz\/wp-content\/uploads\/auto%20veter%C3%A1n_1.jpg","height":0,"width":0},"url":"https:\/\/www.elsve.cz\/priprava-vozu-na-dovolenou\/","about":["Podnik\u00e1n\u00ed"],"wordCount":412,"articleBody":"      P\u0159\u00edprava vozu na dovolenouNa nic nezapome\u0148teAuta n\u00e1m st\u00e1le v\u011brn\u011b slou\u017e\u00ed, abychom v nich mohli st\u00e1le cestovat, kam pot\u0159ebujeme. Z tohoto d\u016fvodu je to \u010dasto volen\u00fd dopravn\u00ed prost\u0159edek automobil. M\u00e1me tu i jin\u00e9 varianty, ale pr\u00e1v\u011b tahle n\u00e1m umo\u017e\u0148uje volnost a pohodl\u00ed. Do auta nalo\u017e\u00edme toti\u017e v\u0161echno pot\u0159ebn\u00e9 a m\u016f\u017eeme vyrazit kdy se n\u00e1m zachce, kam budeme cht\u00edt. Na dovolen\u00e9 si jist\u011b chcete u\u017e\u00edvat, a proto by byl probl\u00e9m s autem komplikac\u00ed.Je vhodn\u00e9 proto v\u0161e zkontrolovat a m\u00edt jistotu, \u017ee je skute\u010dn\u011b p\u0159ipraven\u00e9. Nejprve m\u016f\u017eeme za\u010d\u00edt z\u00e1kladn\u00ed \u00fadr\u017ebou a to tak, \u017ee zkontrolujeme stav v\u0161ech n\u00e1pln\u00ed a filtr\u016f. N\u00e1sledn\u011b se m\u016f\u017eeme p\u0159esunout na podvozek, p\u0159i\u010dem\u017e zde m\u016f\u017eeme t\u0159eba odhalit zrezl\u00fd tlumi\u010d, kter\u00fd bude lep\u0161\u00ed nechat vym\u011bnit. D\u00e1vejte pozor na povinnou v\u00fdbavu, p\u0159i\u010dem\u017e v zahrani\u010dn\u00edch zem\u00ed n\u011bkdy cht\u011bj\u00ed vestu pro ka\u017ed\u00e9ho pasa\u017e\u00e9ra a podobn\u011b, tak\u017ee na odli\u0161n\u00e9 z\u00e1kony d\u00e1vejte pozor, abyste nemuseli zbyte\u010dn\u011b platit drah\u00e9 pokuty.Zap\u016fj\u010den\u00ed vozuKdy\u017e se chyst\u00e1me na del\u0161\u00ed cestu a n\u00e1\u0161 v\u016fz nem\u00e1 t\u0159eba klimatizaci, nebo nen\u00ed dostate\u010dn\u011b velk\u00fd, tak to ni\u010demu nevad\u00ed, proto\u017ee jej m\u016f\u017eeme nechat odpo\u010d\u00edvat doma. Nen\u00ed probl\u00e9m toti\u017e zaj\u00edt do p\u016fj\u010dovny aut Praha https:\/\/autopujcovna-milan.cz\/ a tam si n\u011bjak\u00fd automobil zap\u016fj\u010dit. Vozov\u00fd park je modern\u00ed a poskytuje spolehliv\u00e9 vozy, aby z\u00e1kazn\u00edci byli pln\u011b spokojen\u00ed. Samoz\u0159ejm\u011b vyu\u017eit\u00ed je rozs\u00e1hl\u00e9, tak\u017ee kdy\u017e budete pot\u0159ebovat p\u016fj\u010dit v\u016fz, tak v\u00edte, na koho se m\u016f\u017eete obr\u00e1tit. Vozy jsou pravideln\u011b servisov\u00e1ny a maj\u00ed ve\u0161ker\u00e9 n\u00e1le\u017eitosti pot\u0159ebn\u00e9 pro provoz na pozemn\u00edch komunikac\u00edch, tak\u017ee m\u016f\u017eete sednout a jet. Cenov\u011b je to dostupn\u00e1 slu\u017eba, p\u0159i\u010dem\u017e u dlouhodob\u011bj\u0161\u00edho pron\u00e1jmu je cena za jeden den ni\u017e\u0161\u00ed. Velk\u00e1 v\u00fdhoda je v tom, \u017ee neplat\u00edme za ujet\u00e9 kilometry, a proto nejsme za dan\u00fd den omezen\u00ed n\u011bjakou vzd\u00e1lenost\u00ed. Tohle plat\u00ed i pro cesty do zahrani\u010d\u00ed, kdy\u017e se spole\u010dnost\u00ed domluv\u00edte. Ka\u017ed\u00fd v\u016fz m\u00e1 z\u00e1rove\u0148 i havarijn\u00ed poji\u0161t\u011bn\u00ed, kdy se n\u011bco p\u0159ihodilo.                                                                                                                                                                                                                                                                                                                                                                                           4.2\/5 - (10 votes)        "},{"@context":"https:\/\/schema.org\/","@type":"BreadcrumbList","itemListElement":[{"@type":"ListItem","position":1,"name":"P\u0159\u00edprava vozu na dovolenou","item":"https:\/\/www.elsve.cz\/priprava-vozu-na-dovolenou\/#breadcrumbitem"}]}]