[{"@context":"https:\/\/schema.org\/","@type":"Article","@id":"https:\/\/www.elsve.cz\/svetlo-je-radost\/#Article","mainEntityOfPage":"https:\/\/www.elsve.cz\/svetlo-je-radost\/","headline":"Sv\u011btlo je radost","name":"Sv\u011btlo je radost","description":"N\u00e1\u0161 internetov\u00fd obchod Light for home, se ji\u017e \u0159adu let zab\u00fdv\u00e1 prodejem sv\u011bteln\u00fdch zdroj\u016f na chaty, chalupy, do d\u011btsk\u00fdch pokoj\u016f,&hellip;","datePublished":"2022-05-30","dateModified":"2023-05-07","author":{"@type":"Person","@id":"https:\/\/www.elsve.cz\/author\/#Person","name":"","url":"https:\/\/www.elsve.cz\/author\/","identifier":1,"image":{"@type":"ImageObject","@id":"https:\/\/secure.gravatar.com\/avatar\/0379e0c919e89f337c2f51ff1404922f8441b43281fb91f3719df99f70b9888f?s=96&d=mm&r=g","url":"https:\/\/secure.gravatar.com\/avatar\/0379e0c919e89f337c2f51ff1404922f8441b43281fb91f3719df99f70b9888f?s=96&d=mm&r=g","height":96,"width":96}},"publisher":{"@type":"Organization","name":"elsve.cz","logo":{"@type":"ImageObject","@id":"\/logo.png","url":"\/logo.png","width":600,"height":60}},"image":{"@type":"ImageObject","@id":"https:\/\/www.elsve.cz\/wp-content\/uploads\/baby-boy-3368016_640_4.jpg","url":"https:\/\/www.elsve.cz\/wp-content\/uploads\/baby-boy-3368016_640_4.jpg","height":0,"width":0},"url":"https:\/\/www.elsve.cz\/svetlo-je-radost\/","about":["N\u00e1kupy"],"wordCount":432,"articleBody":"N\u00e1\u0161 internetov\u00fd obchod Light for home, se ji\u017e \u0159adu let zab\u00fdv\u00e1 prodejem sv\u011bteln\u00fdch zdroj\u016f na chaty, chalupy, do d\u011btsk\u00fdch pokoj\u016f, do kuchyn\u00ed a j\u00eddelen, ob\u00fdv\u00e1k\u016f a lo\u017enic. V na\u0161\u00ed nab\u00eddce jsou lustry, stopn\u00ed sv\u00edtidla, n\u00e1st\u011bnn\u00e1 sv\u00edtidla, stojac\u00ed lampy, bodov\u00e1 sv\u00edtidla, spln\u00ed lampy a samoz\u0159ejm\u011b \u017e\u00e1rovky v\u0161eho druhu a typu. Sv\u00edtidla jsou jedn\u00edm ze z\u00e1kladn\u00edch stavebn\u00edch prvk\u016f bytov\u00e9ho designu. Atmosf\u00e9ru interi\u00e9ru dok\u00e1\u017ee ovlivnit jak v\u00fdb\u011br materi\u00e1lu sv\u00edtidla a barevnost jeho t\u011blesa. To co ale koloruje a vytv\u00e1\u0159\u00ed atmosf\u00e9ru, e sv\u011bteln\u00fd t\u00f3n a odst\u00edn pou\u017eit\u00e9ho zdroje. Symbi\u00f3za v\u0161ech t\u011bchto prvk\u016f dok\u00e1\u017ee vytvo\u0159it po\u017eadovanou atmosf\u00e9ru, kter\u00e1 podtrhuje zvolen\u00fd typ a smysl interi\u00e9ru.P\u0159edm\u011btem dal\u0161\u00edch \u0159\u00e1dk\u016f je zm\u00ednka o jedn\u00e9 kategorii zbo\u017e\u00ed, kterou samoz\u0159ejm\u011b nab\u00edz\u00edme a t\u00edmto chceme zd\u016fraznit jejich v\u00fdznam, p\u0159i tvorb\u011b idylick\u00e9 dom\u00e1cnosti a to jsou kuchy\u0148sk\u00e9 lustry. O v\u00fdznamu kuchy\u0148sk\u00e9ho lustru, se sta\u010d\u00ed zamyslet, kde tr\u00e1v\u00edme dom\u00e1cnosti nejv\u00edce \u010dasu. Jsme p\u0159esv\u011bd\u010deni, \u017ee je tomu tak i u v\u00e1s a kuchyn\u011b je jedn\u00edm z nejexponovan\u011bj\u0161\u00edch m\u00edst v dom\u00e1cnosti. Tr\u00e1v\u00edme zde \u010das pot\u0159ebn\u00fd k p\u0159\u00edprav\u011b j\u00eddel, n\u00e1poj\u016f a pokrm\u016f, \u010das str\u00e1ven\u00fd u j\u00eddla, jenom tak posezen\u00ed u k\u00e1vi\u010dky apod. Z na\u0161ich zku\u0161enost\u00ed doporu\u010dujeme do kuchy\u0148sk\u00fdch prostor chladn\u00e9 t\u00f3ny sv\u011btla, kter\u00e9 nejv\u00edce evokuj\u00ed sv\u011b\u017e\u00ed denn\u00ed sv\u011btlo, vhodn\u00e9 k pracovn\u00ed \u010dinnosti. Z\u00e1sadou bytov\u00e9ho designu, by m\u011blo b\u00fdt, \u017ee kuchy\u0148sk\u00fd prostor m\u00e1 samostatn\u00fd zdroj sv\u011btla a nekombinuje ho, p\u0159i dnes tak popul\u00e1rn\u00edch otev\u0159en\u00fdch kuchyn\u00edch s prostory ostatn\u00edho interi\u00e9ru.Design kuchy\u0148sk\u00e9ho lustru by v na\u0161\u00ed nab\u00eddce m\u011bl nal\u00e9zt opravdu ka\u017ed\u00fd. V na\u0161\u00ed nab\u00eddce jsou sv\u00edtidla rozli\u010dn\u00fdch materi\u00e1l\u016f, nap\u0159\u00edklad d\u0159ev\u011bn\u00e9, kovov\u00e9, textiln\u00ed, kombinovan\u00e9 a dal\u0161\u00ed v modern\u00edch designov\u00fdch proveden\u00edch i retro nostalgick\u00fdch typech. Jedno by, ale kuchy\u0148sk\u00e9mu zdroji sv\u011btla nem\u011blo chyb\u011bt a to mo\u017enost mechanizmu umo\u017e\u0148uj\u00edc\u00edho m\u011bnit v\u00fd\u0161ku zdroje.Budeme se t\u011b\u0161it na va\u0161i n\u00e1v\u0161t\u011bvu a trochu neskromn\u011b si troufneme tvrdit, \u017ee si u n\u00e1s ur\u010dit\u011b vyberete.                                                                                                                                                                                                                                                                                                                                                                                                 "},{"@context":"https:\/\/schema.org\/","@type":"BreadcrumbList","itemListElement":[{"@type":"ListItem","position":1,"name":"Sv\u011btlo je radost","item":"https:\/\/www.elsve.cz\/svetlo-je-radost\/#breadcrumbitem"}]}]