{"@context":"https:\/\/schema.org\/","@type":"CollectionPage","@id":"https:\/\/www.elsve.cz\/zivotni-styl\/#CollectionPage","headline":"\u017divotn\u00ed styl Category","description":"","url":"https:\/\/www.elsve.cz\/zivotni-styl\/","hasPart":[{"@type":"Article","@id":"https:\/\/www.elsve.cz\/vegetarianstvi\/","headline":"Vegetari\u00e1nstv\u00ed","url":"https:\/\/www.elsve.cz\/vegetarianstvi\/","datePublished":"2022-06-13","dateModified":"2022-06-13","mainEntityOfPage":"https:\/\/www.elsve.cz\/vegetarianstvi\/","author":{"@type":"Person","@id":"https:\/\/www.elsve.cz\/author\/#Person","name":"","url":"https:\/\/www.elsve.cz\/author\/","identifier":1,"image":{"@type":"ImageObject","@id":"https:\/\/secure.gravatar.com\/avatar\/0379e0c919e89f337c2f51ff1404922f8441b43281fb91f3719df99f70b9888f?s=96&d=mm&r=g","url":"https:\/\/secure.gravatar.com\/avatar\/0379e0c919e89f337c2f51ff1404922f8441b43281fb91f3719df99f70b9888f?s=96&d=mm&r=g","height":96,"width":96}},"publisher":{"@type":"Organization","name":"elsve.cz","logo":{"@type":"ImageObject","@id":"\/logo.png","url":"\/logo.png","width":600,"height":60}},"image":{"@type":"ImageObject","@id":"https:\/\/www.elsve.cz\/wp-content\/uploads\/vegetable-juices-1725835_640_1.jpg","url":"https:\/\/www.elsve.cz\/wp-content\/uploads\/vegetable-juices-1725835_640_1.jpg","height":0,"width":0},"keywords":null},{"@type":"Article","@id":"https:\/\/www.elsve.cz\/myslete-dopredu\/","headline":"Myslete dop\u0159edu","url":"https:\/\/www.elsve.cz\/myslete-dopredu\/","datePublished":"2022-04-21","dateModified":"2022-04-21","mainEntityOfPage":"https:\/\/www.elsve.cz\/myslete-dopredu\/","author":{"@type":"Person","@id":"https:\/\/www.elsve.cz\/author\/#Person","name":"","url":"https:\/\/www.elsve.cz\/author\/","identifier":1,"image":{"@type":"ImageObject","@id":"https:\/\/secure.gravatar.com\/avatar\/0379e0c919e89f337c2f51ff1404922f8441b43281fb91f3719df99f70b9888f?s=96&d=mm&r=g","url":"https:\/\/secure.gravatar.com\/avatar\/0379e0c919e89f337c2f51ff1404922f8441b43281fb91f3719df99f70b9888f?s=96&d=mm&r=g","height":96,"width":96}},"publisher":{"@type":"Organization","name":"elsve.cz","logo":{"@type":"ImageObject","@id":"\/logo.png","url":"\/logo.png","width":600,"height":60}},"image":{"@type":"ImageObject","@id":"https:\/\/www.elsve.cz\/wp-content\/uploads\/childrens-birthday-643311_640_1.jpg","url":"https:\/\/www.elsve.cz\/wp-content\/uploads\/childrens-birthday-643311_640_1.jpg","height":0,"width":0},"keywords":null},{"@type":"Article","@id":"https:\/\/www.elsve.cz\/jak-miminka-usinaji\/","headline":"Jak miminka us\u00ednaj\u00ed","url":"https:\/\/www.elsve.cz\/jak-miminka-usinaji\/","datePublished":"2020-10-06","dateModified":"2023-05-07","mainEntityOfPage":"https:\/\/www.elsve.cz\/jak-miminka-usinaji\/","author":{"@type":"Person","@id":"https:\/\/www.elsve.cz\/author\/#Person","name":"","url":"https:\/\/www.elsve.cz\/author\/","identifier":1,"image":{"@type":"ImageObject","@id":"https:\/\/secure.gravatar.com\/avatar\/0379e0c919e89f337c2f51ff1404922f8441b43281fb91f3719df99f70b9888f?s=96&d=mm&r=g","url":"https:\/\/secure.gravatar.com\/avatar\/0379e0c919e89f337c2f51ff1404922f8441b43281fb91f3719df99f70b9888f?s=96&d=mm&r=g","height":96,"width":96}},"publisher":{"@type":"Organization","name":"elsve.cz","logo":{"@type":"ImageObject","@id":"\/logo.png","url":"\/logo.png","width":600,"height":60}},"image":null,"keywords":null},{"@type":"Article","@id":"https:\/\/www.elsve.cz\/aerobik-prekonany-trend-nebo-pohybova-aktivita-s-potencialem\/","headline":"Aerobik \u2013 p\u0159ekonan\u00fd trend, nebo pohybov\u00e1 aktivita s potenci\u00e1lem?","url":"https:\/\/www.elsve.cz\/aerobik-prekonany-trend-nebo-pohybova-aktivita-s-potencialem\/","datePublished":"2020-09-27","dateModified":"2023-05-07","mainEntityOfPage":"https:\/\/www.elsve.cz\/aerobik-prekonany-trend-nebo-pohybova-aktivita-s-potencialem\/","author":{"@type":"Person","@id":"https:\/\/www.elsve.cz\/author\/#Person","name":"","url":"https:\/\/www.elsve.cz\/author\/","identifier":1,"image":{"@type":"ImageObject","@id":"https:\/\/secure.gravatar.com\/avatar\/0379e0c919e89f337c2f51ff1404922f8441b43281fb91f3719df99f70b9888f?s=96&d=mm&r=g","url":"https:\/\/secure.gravatar.com\/avatar\/0379e0c919e89f337c2f51ff1404922f8441b43281fb91f3719df99f70b9888f?s=96&d=mm&r=g","height":96,"width":96}},"publisher":{"@type":"Organization","name":"elsve.cz","logo":{"@type":"ImageObject","@id":"\/logo.png","url":"\/logo.png","width":600,"height":60}},"image":{"@type":"ImageObject","@id":"https:\/\/www.elsve.cz\/wp-content\/uploads\/img_a295156_w2082_t1506717671.jpg","url":"https:\/\/www.elsve.cz\/wp-content\/uploads\/img_a295156_w2082_t1506717671.jpg","height":0,"width":0},"keywords":null},{"@type":"Article","@id":"https:\/\/www.elsve.cz\/koureni\/","headline":"Kou\u0159en\u00ed","url":"https:\/\/www.elsve.cz\/koureni\/","datePublished":"2019-06-12","dateModified":"2023-05-07","mainEntityOfPage":"https:\/\/www.elsve.cz\/koureni\/","author":{"@type":"Person","@id":"https:\/\/www.elsve.cz\/author\/#Person","name":"","url":"https:\/\/www.elsve.cz\/author\/","identifier":1,"image":{"@type":"ImageObject","@id":"https:\/\/secure.gravatar.com\/avatar\/0379e0c919e89f337c2f51ff1404922f8441b43281fb91f3719df99f70b9888f?s=96&d=mm&r=g","url":"https:\/\/secure.gravatar.com\/avatar\/0379e0c919e89f337c2f51ff1404922f8441b43281fb91f3719df99f70b9888f?s=96&d=mm&r=g","height":96,"width":96}},"publisher":{"@type":"Organization","name":"elsve.cz","logo":{"@type":"ImageObject","@id":"\/logo.png","url":"\/logo.png","width":600,"height":60}},"image":{"@type":"ImageObject","@id":"https:\/\/www.elsve.cz\/wp-content\/uploads\/img_a348539_w2902_t1563480352.jpg","url":"https:\/\/www.elsve.cz\/wp-content\/uploads\/img_a348539_w2902_t1563480352.jpg","height":0,"width":0},"keywords":null},{"@type":"Article","@id":"https:\/\/www.elsve.cz\/srovnavani-se-s-ex-partnerem-je-to-soutez\/","headline":"Srovn\u00e1v\u00e1n\u00ed se s ex-partnerem: je to sout\u011b\u017e?","url":"https:\/\/www.elsve.cz\/srovnavani-se-s-ex-partnerem-je-to-soutez\/","datePublished":"2019-05-16","dateModified":"2023-05-07","mainEntityOfPage":"https:\/\/www.elsve.cz\/srovnavani-se-s-ex-partnerem-je-to-soutez\/","author":{"@type":"Person","@id":"https:\/\/www.elsve.cz\/author\/#Person","name":"","url":"https:\/\/www.elsve.cz\/author\/","identifier":1,"image":{"@type":"ImageObject","@id":"https:\/\/secure.gravatar.com\/avatar\/0379e0c919e89f337c2f51ff1404922f8441b43281fb91f3719df99f70b9888f?s=96&d=mm&r=g","url":"https:\/\/secure.gravatar.com\/avatar\/0379e0c919e89f337c2f51ff1404922f8441b43281fb91f3719df99f70b9888f?s=96&d=mm&r=g","height":96,"width":96}},"publisher":{"@type":"Organization","name":"elsve.cz","logo":{"@type":"ImageObject","@id":"\/logo.png","url":"\/logo.png","width":600,"height":60}},"image":{"@type":"ImageObject","@id":"https:\/\/www.elsve.cz\/wp-content\/uploads\/img_a344642_w2902_t1558458951.jpg","url":"https:\/\/www.elsve.cz\/wp-content\/uploads\/img_a344642_w2902_t1558458951.jpg","height":0,"width":0},"keywords":null},{"@type":"Article","@id":"https:\/\/www.elsve.cz\/sigmund-freud-a-jeho-prinos-pro-psychoterapii\/","headline":"Sigmund Freud a jeho p\u0159\u00ednos pro psychoterapii","url":"https:\/\/www.elsve.cz\/sigmund-freud-a-jeho-prinos-pro-psychoterapii\/","datePublished":"2019-03-03","dateModified":"2023-05-07","mainEntityOfPage":"https:\/\/www.elsve.cz\/sigmund-freud-a-jeho-prinos-pro-psychoterapii\/","author":{"@type":"Person","@id":"https:\/\/www.elsve.cz\/author\/#Person","name":"","url":"https:\/\/www.elsve.cz\/author\/","identifier":1,"image":{"@type":"ImageObject","@id":"https:\/\/secure.gravatar.com\/avatar\/0379e0c919e89f337c2f51ff1404922f8441b43281fb91f3719df99f70b9888f?s=96&d=mm&r=g","url":"https:\/\/secure.gravatar.com\/avatar\/0379e0c919e89f337c2f51ff1404922f8441b43281fb91f3719df99f70b9888f?s=96&d=mm&r=g","height":96,"width":96}},"publisher":{"@type":"Organization","name":"elsve.cz","logo":{"@type":"ImageObject","@id":"\/logo.png","url":"\/logo.png","width":600,"height":60}},"image":{"@type":"ImageObject","@id":"https:\/\/www.elsve.cz\/wp-content\/uploads\/img_a340387_w2902_t1553330252.jpg","url":"https:\/\/www.elsve.cz\/wp-content\/uploads\/img_a340387_w2902_t1553330252.jpg","height":0,"width":0},"keywords":null}]}